{"id":1309,"date":"2023-02-21T17:15:41","date_gmt":"2023-02-21T16:15:41","guid":{"rendered":"https:\/\/www.chaillac-sur-vienne.fr\/?p=1309"},"modified":"2023-02-21T17:15:41","modified_gmt":"2023-02-21T16:15:41","slug":"assemblee-generale-du-comite-des-fetes","status":"publish","type":"post","link":"https:\/\/www.chaillac-sur-vienne.fr\/index.php\/2023\/02\/21\/assemblee-generale-du-comite-des-fetes\/","title":{"rendered":"Assembl\u00e9e G\u00e9n\u00e9rale du Comit\u00e9 des F\u00eates"},"content":{"rendered":"\n<p><\/p>\n\n\n\n<p>Nous avons le plaisir de vous inviter \u00e0 participer \u00e0 l&rsquo;Assembl\u00e9e G\u00e9n\u00e9rale du Comit\u00e9 des F\u00eates de Chaillac sur Vienne, qui se tiendra le dimanche 26 f\u00e9vrier \u00e0 9h30 dans la salle polyvalente de la commune.<\/p>\n\n\n\n<p>Nous serions ravis d&rsquo;accueillir toutes les personnes qui souhaitent s&rsquo;investir dans l&rsquo;animation de notre belle commune, que ce soit un peu, beaucoup, voire passionn\u00e9ment !<\/p>\n\n\n\n<p>Nous avons besoin de vous pour faire vivre la vie associative de Chaillac sur Vienne et assurer une ambiance conviviale et chaleureuse. Alors, n&rsquo;h\u00e9sitez plus et venez nous rejoindre !<\/p>\n","protected":false},"excerpt":{"rendered":"<p>Nous avons le plaisir de vous inviter \u00e0 participer \u00e0 l&rsquo;Assembl\u00e9e G\u00e9n\u00e9rale du Comit\u00e9 des F\u00eates de Chaillac sur Vienne, qui se tiendra le dimanche 26 f\u00e9vrier \u00e0 9h30 dans la salle polyvalente de la commune. Nous serions ravis d&rsquo;accueillir toutes les personnes qui souhaitent s&rsquo;investir dans l&rsquo;animation de notre belle commune, que ce soit [&hellip;]<\/p>\n","protected":false},"author":1,"featured_media":0,"comment_status":"closed","ping_status":"open","sticky":false,"template":"","format":"standard","meta":{"footnotes":""},"categories":[1],"tags":[],"class_list":["post-1309","post","type-post","status-publish","format-standard","hentry","category-non-classe"],"_links":{"self":[{"href":"https:\/\/www.chaillac-sur-vienne.fr\/index.php\/wp-json\/wp\/v2\/posts\/1309","targetHints":{"allow":["GET"]}}],"collection":[{"href":"https:\/\/www.chaillac-sur-vienne.fr\/index.php\/wp-json\/wp\/v2\/posts"}],"about":[{"href":"https:\/\/www.chaillac-sur-vienne.fr\/index.php\/wp-json\/wp\/v2\/types\/post"}],"author":[{"embeddable":true,"href":"https:\/\/www.chaillac-sur-vienne.fr\/index.php\/wp-json\/wp\/v2\/users\/1"}],"replies":[{"embeddable":true,"href":"https:\/\/www.chaillac-sur-vienne.fr\/index.php\/wp-json\/wp\/v2\/comments?post=1309"}],"version-history":[{"count":1,"href":"https:\/\/www.chaillac-sur-vienne.fr\/index.php\/wp-json\/wp\/v2\/posts\/1309\/revisions"}],"predecessor-version":[{"id":1310,"href":"https:\/\/www.chaillac-sur-vienne.fr\/index.php\/wp-json\/wp\/v2\/posts\/1309\/revisions\/1310"}],"wp:attachment":[{"href":"https:\/\/www.chaillac-sur-vienne.fr\/index.php\/wp-json\/wp\/v2\/media?parent=1309"}],"wp:term":[{"taxonomy":"category","embeddable":true,"href":"https:\/\/www.chaillac-sur-vienne.fr\/index.php\/wp-json\/wp\/v2\/categories?post=1309"},{"taxonomy":"post_tag","embeddable":true,"href":"https:\/\/www.chaillac-sur-vienne.fr\/index.php\/wp-json\/wp\/v2\/tags?post=1309"}],"curies":[{"name":"wp","href":"https:\/\/api.w.org\/{rel}","templated":true}]}}