{"id":502,"date":"2021-03-31T09:04:26","date_gmt":"2021-03-31T07:04:26","guid":{"rendered":"https:\/\/www.chaillac-sur-vienne.fr\/?p=502"},"modified":"2021-03-31T09:04:26","modified_gmt":"2021-03-31T07:04:26","slug":"journee-nationale-du-souvenir-de-la-guerre-dalgerie","status":"publish","type":"post","link":"https:\/\/www.chaillac-sur-vienne.fr\/index.php\/2021\/03\/31\/journee-nationale-du-souvenir-de-la-guerre-dalgerie\/","title":{"rendered":"Journ\u00e9e Nationale du souvenir de la Guerre d&rsquo;Alg\u00e9rie."},"content":{"rendered":"\n<p>A l\u2019occasion de la comm\u00e9moration de<strong> <\/strong><strong>la journ\u00e9e Nationale du souvenir et du recueillement \u00e0 la m\u00e9moire des victimes civiles et militaires de la Guerre d&rsquo;Alg\u00e9rie et des combats en Tunisie et au Maroc<\/strong><strong>, <\/strong>rendez-vous \u00e9tait donn\u00e9, ce vendredi 19 mars 2021, au cimeti\u00e8re communal de Chaillac sur Vienne.<\/p>\n\n\n\n<p>Lors de cette c\u00e9r\u00e9monie restreinte et dans le plus strict respect des gestes barri\u00e8res, monsieur Jean-Pierre GRANET, Maire et monsieur GEORGES, Pr\u00e9sident de la FNACA entour\u00e9s de trois \u00e9lues et d\u2019un Porte Drapeau ont d\u00e9pos\u00e9 une gerbe devant le monument aux morts \u00a0et ont observ\u00e9 une minute de silence.<\/p>\n\n\n\n<figure class=\"wp-block-image size-large\"><img fetchpriority=\"high\" decoding=\"async\" width=\"1024\" height=\"682\" src=\"https:\/\/www.chaillac-sur-vienne.fr\/wp-content\/uploads\/2021\/03\/Chaillac-1024x682.jpg\" alt=\"\" class=\"wp-image-503\" srcset=\"https:\/\/www.chaillac-sur-vienne.fr\/wp-content\/uploads\/2021\/03\/Chaillac-1024x682.jpg 1024w, https:\/\/www.chaillac-sur-vienne.fr\/wp-content\/uploads\/2021\/03\/Chaillac-300x200.jpg 300w, https:\/\/www.chaillac-sur-vienne.fr\/wp-content\/uploads\/2021\/03\/Chaillac-768x512.jpg 768w, https:\/\/www.chaillac-sur-vienne.fr\/wp-content\/uploads\/2021\/03\/Chaillac-600x400.jpg 600w, https:\/\/www.chaillac-sur-vienne.fr\/wp-content\/uploads\/2021\/03\/Chaillac-974x649.jpg 974w, https:\/\/www.chaillac-sur-vienne.fr\/wp-content\/uploads\/2021\/03\/Chaillac.jpg 1387w\" sizes=\"(max-width: 1024px) 100vw, 1024px\" \/><\/figure>\n","protected":false},"excerpt":{"rendered":"<p>A l\u2019occasion de la comm\u00e9moration de la journ\u00e9e Nationale du souvenir et du recueillement \u00e0 la m\u00e9moire des victimes civiles et militaires de la Guerre d&rsquo;Alg\u00e9rie et des combats en Tunisie et au Maroc, rendez-vous \u00e9tait donn\u00e9, ce vendredi 19 mars 2021, au cimeti\u00e8re communal de Chaillac sur Vienne. Lors de cette c\u00e9r\u00e9monie restreinte et [&hellip;]<\/p>\n","protected":false},"author":1,"featured_media":0,"comment_status":"open","ping_status":"open","sticky":false,"template":"","format":"standard","meta":{"footnotes":""},"categories":[1],"tags":[],"class_list":["post-502","post","type-post","status-publish","format-standard","hentry","category-non-classe"],"_links":{"self":[{"href":"https:\/\/www.chaillac-sur-vienne.fr\/index.php\/wp-json\/wp\/v2\/posts\/502","targetHints":{"allow":["GET"]}}],"collection":[{"href":"https:\/\/www.chaillac-sur-vienne.fr\/index.php\/wp-json\/wp\/v2\/posts"}],"about":[{"href":"https:\/\/www.chaillac-sur-vienne.fr\/index.php\/wp-json\/wp\/v2\/types\/post"}],"author":[{"embeddable":true,"href":"https:\/\/www.chaillac-sur-vienne.fr\/index.php\/wp-json\/wp\/v2\/users\/1"}],"replies":[{"embeddable":true,"href":"https:\/\/www.chaillac-sur-vienne.fr\/index.php\/wp-json\/wp\/v2\/comments?post=502"}],"version-history":[{"count":1,"href":"https:\/\/www.chaillac-sur-vienne.fr\/index.php\/wp-json\/wp\/v2\/posts\/502\/revisions"}],"predecessor-version":[{"id":504,"href":"https:\/\/www.chaillac-sur-vienne.fr\/index.php\/wp-json\/wp\/v2\/posts\/502\/revisions\/504"}],"wp:attachment":[{"href":"https:\/\/www.chaillac-sur-vienne.fr\/index.php\/wp-json\/wp\/v2\/media?parent=502"}],"wp:term":[{"taxonomy":"category","embeddable":true,"href":"https:\/\/www.chaillac-sur-vienne.fr\/index.php\/wp-json\/wp\/v2\/categories?post=502"},{"taxonomy":"post_tag","embeddable":true,"href":"https:\/\/www.chaillac-sur-vienne.fr\/index.php\/wp-json\/wp\/v2\/tags?post=502"}],"curies":[{"name":"wp","href":"https:\/\/api.w.org\/{rel}","templated":true}]}}